{"id":91,"date":"2024-03-11T16:26:38","date_gmt":"2024-03-11T16:26:38","guid":{"rendered":"https:\/\/ostlitv.no\/?p=91"},"modified":"2024-03-11T16:26:38","modified_gmt":"2024-03-11T16:26:38","slug":"mogreinapraten-6-med-navaerende-ordforer-stale-lien-hansen-frp-hva-tenker-han-om-mogreina","status":"publish","type":"post","link":"https:\/\/ostlitv.no\/?p=91","title":{"rendered":"Mogreinapraten #6 | Med N\u00e5v\u00e6rende Ordf\u00f8rer St\u00e5le Lien Hansen (FrP), Hva Tenker Han Om Mogreina?"},"content":{"rendered":"\n<p>I Mogreinapratens sjette intervju kommer ingen ringere enn Ullensaker kommunes n\u00e5v\u00e6rende ordf\u00f8rer, St\u00e5le Lien Hansen (FrP) til Mogreina, og Herlige Hersj\u00f8en.<\/p>\n\n\n\n<p>Som politiker og n\u00e5v\u00e6rende ordf\u00f8rer, har han god greie p\u00e5 hva som foreg\u00e5r i og omkring kommunen. Men hva tenker han &#8211; med hans bakgrunn, om Mogreina?<\/p>\n\n\n\n<p><a href=\"https:\/\/m.facebook.com\/OrdfoererStaaleLienHansen\">Sjekk ut mer om ordf\u00f8rer St\u00e5le Lien Hansen her!<\/a><\/p>\n\n\n\n<figure class=\"wp-block-embed is-type-video is-provider-youtube wp-block-embed-youtube wp-embed-aspect-16-9 wp-has-aspect-ratio\"><div class=\"wp-block-embed__wrapper\">\n<iframe loading=\"lazy\" title=\"Mogreinapraten #6 | Med N\u00e5v\u00e6rende Ordf\u00f8rer St\u00e5le Lien Hansen (FrP), Hva Tenker Han Om Mogreina?\" width=\"500\" height=\"281\" src=\"https:\/\/www.youtube.com\/embed\/tSrR7J986AE?feature=oembed\" frameborder=\"0\" allow=\"accelerometer; autoplay; clipboard-write; encrypted-media; gyroscope; picture-in-picture; web-share\" referrerpolicy=\"strict-origin-when-cross-origin\" allowfullscreen><\/iframe>\n<\/div><\/figure>\n","protected":false},"excerpt":{"rendered":"<p>I Mogreinapratens sjette intervju kommer ingen ringere enn Ullensaker kommunes n\u00e5v\u00e6rende ordf\u00f8rer, St\u00e5le Lien Hansen (FrP) til Mogreina, og Herlige Hersj\u00f8en. Som politiker og n\u00e5v\u00e6rende ordf\u00f8rer, har han god greie p\u00e5 hva som foreg\u00e5r i og omkring kommunen. Men hva tenker han &#8211; med hans bakgrunn, om Mogreina? Sjekk ut mer om ordf\u00f8rer St\u00e5le Lien [&hellip;]<\/p>\n","protected":false},"author":1,"featured_media":92,"comment_status":"open","ping_status":"open","sticky":false,"template":"","format":"standard","meta":{"footnotes":""},"categories":[13],"tags":[7,14,22,6,8,23],"class_list":["post-91","post","type-post","status-publish","format-standard","has-post-thumbnail","hentry","category-mogreinapraten","tag-mogreina","tag-mogreinapraten","tag-ordforer","tag-ostli","tag-ullensaker","tag-ullensaker-frp"],"_links":{"self":[{"href":"https:\/\/ostlitv.no\/index.php?rest_route=\/wp\/v2\/posts\/91","targetHints":{"allow":["GET"]}}],"collection":[{"href":"https:\/\/ostlitv.no\/index.php?rest_route=\/wp\/v2\/posts"}],"about":[{"href":"https:\/\/ostlitv.no\/index.php?rest_route=\/wp\/v2\/types\/post"}],"author":[{"embeddable":true,"href":"https:\/\/ostlitv.no\/index.php?rest_route=\/wp\/v2\/users\/1"}],"replies":[{"embeddable":true,"href":"https:\/\/ostlitv.no\/index.php?rest_route=%2Fwp%2Fv2%2Fcomments&post=91"}],"version-history":[{"count":1,"href":"https:\/\/ostlitv.no\/index.php?rest_route=\/wp\/v2\/posts\/91\/revisions"}],"predecessor-version":[{"id":93,"href":"https:\/\/ostlitv.no\/index.php?rest_route=\/wp\/v2\/posts\/91\/revisions\/93"}],"wp:featuredmedia":[{"embeddable":true,"href":"https:\/\/ostlitv.no\/index.php?rest_route=\/wp\/v2\/media\/92"}],"wp:attachment":[{"href":"https:\/\/ostlitv.no\/index.php?rest_route=%2Fwp%2Fv2%2Fmedia&parent=91"}],"wp:term":[{"taxonomy":"category","embeddable":true,"href":"https:\/\/ostlitv.no\/index.php?rest_route=%2Fwp%2Fv2%2Fcategories&post=91"},{"taxonomy":"post_tag","embeddable":true,"href":"https:\/\/ostlitv.no\/index.php?rest_route=%2Fwp%2Fv2%2Ftags&post=91"}],"curies":[{"name":"wp","href":"https:\/\/api.w.org\/{rel}","templated":true}]}}