{"id":77,"date":"2024-03-11T15:52:59","date_gmt":"2024-03-11T15:52:59","guid":{"rendered":"https:\/\/ostlitv.no\/?p=77"},"modified":"2024-03-11T15:52:59","modified_gmt":"2024-03-11T15:52:59","slug":"mogreinapraten-2-kuttet-i-sfo-intervju-med-anne-katrine-flottorp-saebu","status":"publish","type":"post","link":"https:\/\/ostlitv.no\/?p=77","title":{"rendered":"Mogreinapraten #2 | Kuttet I SFO &#8211; Intervju Med Anne-Katrine Flottorp S\u00e6bu!"},"content":{"rendered":"\n<p>Mogreinapratens andre gjest, og det er leder av Mogreina skole FAU, Anne-Katrine Flottorp S\u00e6bu! I denne perioden ble det vedtatt kutt i SFO p\u00e5 4.1 millioner kroner, 23 stillinger blir ber\u00f8rt, og hun vil snakke om dette kuttet. Dette ble kjent p\u00e5 kommunestyrem\u00f8te den 06\/02-2024. Hva betyr dette for de ansatte p\u00e5 SFO, barna, og foreldrene? Det h\u00e5per vi at Anne-Katrine kan hjelpe oss med \u00e5 belyse.<\/p>\n\n\n\n<p>Anne-Katrine Flottorp S\u00e6bu er som nevnt leder av Mogreina skole FAU, men hun er ogs\u00e5 aktiv p\u00e5 mange andre omr\u00e5der i Mogreina. Blant dem er Mogreina menighets 5-7 klubb, medlem av menighetsr\u00e5det, med mer!<\/p>\n\n\n\n<figure class=\"wp-block-embed is-type-video is-provider-youtube wp-block-embed-youtube wp-embed-aspect-16-9 wp-has-aspect-ratio\"><div class=\"wp-block-embed__wrapper\">\n<iframe loading=\"lazy\" title=\"Mogreina Vinterfestival 2024 | Alle P\u00e5 Mogreina Er Nummer 1!\u2764\ufe0f\ufe0f\ud83d\ude0d\" width=\"500\" height=\"281\" src=\"https:\/\/www.youtube.com\/embed\/pLE_wa9J1Lk?feature=oembed\" frameborder=\"0\" allow=\"accelerometer; autoplay; clipboard-write; encrypted-media; gyroscope; picture-in-picture; web-share\" referrerpolicy=\"strict-origin-when-cross-origin\" allowfullscreen><\/iframe>\n<\/div><\/figure>\n","protected":false},"excerpt":{"rendered":"<p>Mogreinapratens andre gjest, og det er leder av Mogreina skole FAU, Anne-Katrine Flottorp S\u00e6bu! I denne perioden ble det vedtatt kutt i SFO p\u00e5 4.1 millioner kroner, 23 stillinger blir ber\u00f8rt, og hun vil snakke om dette kuttet. Dette ble kjent p\u00e5 kommunestyrem\u00f8te den 06\/02-2024. Hva betyr dette for de ansatte p\u00e5 SFO, barna, og [&hellip;]<\/p>\n","protected":false},"author":1,"featured_media":78,"comment_status":"open","ping_status":"open","sticky":false,"template":"","format":"standard","meta":{"footnotes":""},"categories":[13],"tags":[7,14,6,16,8],"class_list":["post-77","post","type-post","status-publish","format-standard","has-post-thumbnail","hentry","category-mogreinapraten","tag-mogreina","tag-mogreinapraten","tag-ostli","tag-sfo","tag-ullensaker"],"_links":{"self":[{"href":"https:\/\/ostlitv.no\/index.php?rest_route=\/wp\/v2\/posts\/77","targetHints":{"allow":["GET"]}}],"collection":[{"href":"https:\/\/ostlitv.no\/index.php?rest_route=\/wp\/v2\/posts"}],"about":[{"href":"https:\/\/ostlitv.no\/index.php?rest_route=\/wp\/v2\/types\/post"}],"author":[{"embeddable":true,"href":"https:\/\/ostlitv.no\/index.php?rest_route=\/wp\/v2\/users\/1"}],"replies":[{"embeddable":true,"href":"https:\/\/ostlitv.no\/index.php?rest_route=%2Fwp%2Fv2%2Fcomments&post=77"}],"version-history":[{"count":2,"href":"https:\/\/ostlitv.no\/index.php?rest_route=\/wp\/v2\/posts\/77\/revisions"}],"predecessor-version":[{"id":80,"href":"https:\/\/ostlitv.no\/index.php?rest_route=\/wp\/v2\/posts\/77\/revisions\/80"}],"wp:featuredmedia":[{"embeddable":true,"href":"https:\/\/ostlitv.no\/index.php?rest_route=\/wp\/v2\/media\/78"}],"wp:attachment":[{"href":"https:\/\/ostlitv.no\/index.php?rest_route=%2Fwp%2Fv2%2Fmedia&parent=77"}],"wp:term":[{"taxonomy":"category","embeddable":true,"href":"https:\/\/ostlitv.no\/index.php?rest_route=%2Fwp%2Fv2%2Fcategories&post=77"},{"taxonomy":"post_tag","embeddable":true,"href":"https:\/\/ostlitv.no\/index.php?rest_route=%2Fwp%2Fv2%2Ftags&post=77"}],"curies":[{"name":"wp","href":"https:\/\/api.w.org\/{rel}","templated":true}]}}