{"id":172,"date":"2024-04-15T18:35:10","date_gmt":"2024-04-15T18:35:10","guid":{"rendered":"https:\/\/ostlitv.no\/?p=172"},"modified":"2024-04-15T18:35:10","modified_gmt":"2024-04-15T18:35:10","slug":"mogreinapraten-19-oddveig-margrethe-kjos-pa-elstad-gard-krigen-garden-lokalt-museum-og-huldra","status":"publish","type":"post","link":"https:\/\/ostlitv.no\/?p=172","title":{"rendered":"Mogreinapraten #19 | Oddveig Margrethe Kjos, p\u00e5 Elstad g\u00e5rd! Krigen, g\u00e5rden, lokalt museum, og huldra!"},"content":{"rendered":"\n<p>I den syttende utgaven av Mogreinapraten s\u00e5 m\u00f8ter Oddveig Margrethe Kjos hjemme p\u00e5 Elstad g\u00e5rd her p\u00e5 Mogreina. Hun er odelsjenta som har opplevd det meste man kan tenke seg. G\u00e5rdsdrift, krigens dager, og hun har i tillegg et lokalt museum med gjenstander hun og hennes familie har tatt vare p\u00e5 over tidens tann!<\/p>\n\n\n\n<p>I tillegg f\u00e5r du servert eventyret om Huldra (kjent fra Asbj\u00f8rnsen og Moe)! Her opplever du alts\u00e5 en kvinne p\u00e5 92 \u00e5r snakke om vonde, og hyggelige ting!<\/p>\n\n\n\n<p>Huldra har faktisk v\u00e6rt p\u00e5 Elstad g\u00e5rd, p\u00e5 Mogreina! Visste du det? P\u00e5 slutten av video-intervjuet forteller Oddveig M. Kjos mer om dette!<\/p>\n\n\n\n<figure class=\"wp-block-gallery has-nested-images columns-default is-cropped wp-block-gallery-1 is-layout-flex wp-block-gallery-is-layout-flex\">\n<figure data-wp-context=\"{&quot;imageId&quot;:&quot;69f353a49af36&quot;}\" data-wp-interactive=\"core\/image\" data-wp-key=\"69f353a49af36\" class=\"wp-block-image size-large is-style-default wp-lightbox-container\"><img loading=\"lazy\" decoding=\"async\" width=\"830\" height=\"1024\" data-wp-class--hide=\"state.isContentHidden\" data-wp-class--show=\"state.isContentVisible\" data-wp-init=\"callbacks.setButtonStyles\" data-wp-on--click=\"actions.showLightbox\" data-wp-on--load=\"callbacks.setButtonStyles\" data-wp-on-window--resize=\"callbacks.setButtonStyles\" data-id=\"174\" src=\"https:\/\/ostlitv.no\/wp-content\/uploads\/2024\/03\/Huldra-830x1024.jpg\" alt=\"\" class=\"wp-image-174\" srcset=\"https:\/\/ostlitv.no\/wp-content\/uploads\/2024\/03\/Huldra-830x1024.jpg 830w, https:\/\/ostlitv.no\/wp-content\/uploads\/2024\/03\/Huldra-243x300.jpg 243w, https:\/\/ostlitv.no\/wp-content\/uploads\/2024\/03\/Huldra-768x947.jpg 768w, https:\/\/ostlitv.no\/wp-content\/uploads\/2024\/03\/Huldra-1245x1536.jpg 1245w, https:\/\/ostlitv.no\/wp-content\/uploads\/2024\/03\/Huldra-1660x2048.jpg 1660w, https:\/\/ostlitv.no\/wp-content\/uploads\/2024\/03\/Huldra.jpg 1952w\" sizes=\"auto, (max-width: 830px) 100vw, 830px\" \/><button\n\t\t\tclass=\"lightbox-trigger\"\n\t\t\ttype=\"button\"\n\t\t\taria-haspopup=\"dialog\"\n\t\t\taria-label=\"Forst\u00f8rr\"\n\t\t\tdata-wp-init=\"callbacks.initTriggerButton\"\n\t\t\tdata-wp-on--click=\"actions.showLightbox\"\n\t\t\tdata-wp-style--right=\"state.imageButtonRight\"\n\t\t\tdata-wp-style--top=\"state.imageButtonTop\"\n\t\t>\n\t\t\t<svg xmlns=\"http:\/\/www.w3.org\/2000\/svg\" width=\"12\" height=\"12\" fill=\"none\" viewBox=\"0 0 12 12\">\n\t\t\t\t<path fill=\"#fff\" d=\"M2 0a2 2 0 0 0-2 2v2h1.5V2a.5.5 0 0 1 .5-.5h2V0H2Zm2 10.5H2a.5.5 0 0 1-.5-.5V8H0v2a2 2 0 0 0 2 2h2v-1.5ZM8 12v-1.5h2a.5.5 0 0 0 .5-.5V8H12v2a2 2 0 0 1-2 2H8Zm2-12a2 2 0 0 1 2 2v2h-1.5V2a.5.5 0 0 0-.5-.5H8V0h2Z\" \/>\n\t\t\t<\/svg>\n\t\t<\/button><\/figure>\n<\/figure>\n\n\n\n<p>P\u00e5 Elstad mistet en person ved navn <a href=\"https:\/\/pilegrimsleden.cloud5.tibe.no\/interessepunkter\/bauta-over-john-gjevik\">John Gjevik livet.<\/a> Gjevik falt uskyldig som en konsekvens av at tyskerne lette etter fanger som hadde r\u00f8mt fra Li, og han, mest trolig, &laquo;liknet litt&raquo;, og ble dermed regelrett henrettet ved nakkeskudd av tyske soldater den 17.7.1944. Gjevik ble 21 \u00e5r gammel.<\/p>\n\n\n\n<figure class=\"wp-block-gallery has-nested-images columns-default is-cropped wp-block-gallery-2 is-layout-flex wp-block-gallery-is-layout-flex\">\n<figure data-wp-context=\"{&quot;imageId&quot;:&quot;69f353a49bf73&quot;}\" data-wp-interactive=\"core\/image\" data-wp-key=\"69f353a49bf73\" class=\"wp-block-image size-large wp-lightbox-container\"><img loading=\"lazy\" decoding=\"async\" width=\"774\" height=\"1024\" data-wp-class--hide=\"state.isContentHidden\" data-wp-class--show=\"state.isContentVisible\" data-wp-init=\"callbacks.setButtonStyles\" data-wp-on--click=\"actions.showLightbox\" data-wp-on--load=\"callbacks.setButtonStyles\" data-wp-on-window--resize=\"callbacks.setButtonStyles\" data-id=\"176\" src=\"https:\/\/ostlitv.no\/wp-content\/uploads\/2024\/03\/2024-03-23-12-10_page_3-774x1024.jpg\" alt=\"\" class=\"wp-image-176\" srcset=\"https:\/\/ostlitv.no\/wp-content\/uploads\/2024\/03\/2024-03-23-12-10_page_3-774x1024.jpg 774w, https:\/\/ostlitv.no\/wp-content\/uploads\/2024\/03\/2024-03-23-12-10_page_3-227x300.jpg 227w, https:\/\/ostlitv.no\/wp-content\/uploads\/2024\/03\/2024-03-23-12-10_page_3-768x1016.jpg 768w, https:\/\/ostlitv.no\/wp-content\/uploads\/2024\/03\/2024-03-23-12-10_page_3-1161x1536.jpg 1161w, https:\/\/ostlitv.no\/wp-content\/uploads\/2024\/03\/2024-03-23-12-10_page_3-1548x2048.jpg 1548w, https:\/\/ostlitv.no\/wp-content\/uploads\/2024\/03\/2024-03-23-12-10_page_3-scaled.jpg 1935w\" sizes=\"auto, (max-width: 774px) 100vw, 774px\" \/><button\n\t\t\tclass=\"lightbox-trigger\"\n\t\t\ttype=\"button\"\n\t\t\taria-haspopup=\"dialog\"\n\t\t\taria-label=\"Forst\u00f8rr\"\n\t\t\tdata-wp-init=\"callbacks.initTriggerButton\"\n\t\t\tdata-wp-on--click=\"actions.showLightbox\"\n\t\t\tdata-wp-style--right=\"state.imageButtonRight\"\n\t\t\tdata-wp-style--top=\"state.imageButtonTop\"\n\t\t>\n\t\t\t<svg xmlns=\"http:\/\/www.w3.org\/2000\/svg\" width=\"12\" height=\"12\" fill=\"none\" viewBox=\"0 0 12 12\">\n\t\t\t\t<path fill=\"#fff\" d=\"M2 0a2 2 0 0 0-2 2v2h1.5V2a.5.5 0 0 1 .5-.5h2V0H2Zm2 10.5H2a.5.5 0 0 1-.5-.5V8H0v2a2 2 0 0 0 2 2h2v-1.5ZM8 12v-1.5h2a.5.5 0 0 0 .5-.5V8H12v2a2 2 0 0 1-2 2H8Zm2-12a2 2 0 0 1 2 2v2h-1.5V2a.5.5 0 0 0-.5-.5H8V0h2Z\" \/>\n\t\t\t<\/svg>\n\t\t<\/button><figcaption class=\"wp-element-caption\">Minnesteinen p\u00e5 Elstad etter John Gjevik (Oddveig Margrethe Kjos intervju).<\/figcaption><\/figure>\n<\/figure>\n\n\n\n<p>Det er oppsatt et <a href=\"https:\/\/pilegrimsleden.cloud5.tibe.no\/interessepunkter\/bauta-over-john-gjevik\">minnemerke etter John Gjevik<\/a> oppe ved Elstad, inne mellom \u00e5krene, \u00d8stli TV er p\u00e5 saken, og vil lage en kort video p\u00e5 dette p\u00e5 v\u00e5rparten.<\/p>\n\n\n\n<p>Kanskje det blir flere slike intervjuer ogs\u00e5? Vil dere lese mer om krigens dager p\u00e5 Mogreina, lokal historie, mer om John Gjevik? Om det er det \u00f8nsker om det &#8211; kontakt meg p\u00e5 ostlitv@gmail.com!<\/p>\n\n\n\n<figure class=\"wp-block-embed is-type-video is-provider-youtube wp-block-embed-youtube wp-embed-aspect-16-9 wp-has-aspect-ratio\"><div class=\"wp-block-embed__wrapper\">\n<iframe loading=\"lazy\" title=\"Mogreinapraten #19 | Oddveig Margrethe Kjos, Elstad G\u00e5rd! Krigen, G\u00e5rden, Lokalt Museum, Og Huldra!\" width=\"500\" height=\"281\" src=\"https:\/\/www.youtube.com\/embed\/ayNWrujIwH8?feature=oembed\" frameborder=\"0\" allow=\"accelerometer; autoplay; clipboard-write; encrypted-media; gyroscope; picture-in-picture; web-share\" referrerpolicy=\"strict-origin-when-cross-origin\" allowfullscreen><\/iframe>\n<\/div><\/figure>\n","protected":false},"excerpt":{"rendered":"<p>I den syttende utgaven av Mogreinapraten s\u00e5 m\u00f8ter Oddveig Margrethe Kjos hjemme p\u00e5 Elstad g\u00e5rd her p\u00e5 Mogreina. Hun er odelsjenta som har opplevd det meste man kan tenke seg. G\u00e5rdsdrift, krigens dager, og hun har i tillegg et lokalt museum med gjenstander hun og hennes familie har tatt vare p\u00e5 over tidens tann! I [&hellip;]<\/p>\n","protected":false},"author":1,"featured_media":173,"comment_status":"open","ping_status":"open","sticky":false,"template":"","format":"standard","meta":{"footnotes":""},"categories":[13],"tags":[55,51,53,54,56,10,7,14,6,8],"class_list":["post-172","post","type-post","status-publish","format-standard","has-post-thumbnail","hentry","category-mogreinapraten","tag-asbjornsen-og-moe","tag-elstad","tag-huldra","tag-huldrehatten","tag-lokal-historie-pa-mogreina","tag-lokalnytt","tag-mogreina","tag-mogreinapraten","tag-ostli","tag-ullensaker"],"_links":{"self":[{"href":"https:\/\/ostlitv.no\/index.php?rest_route=\/wp\/v2\/posts\/172","targetHints":{"allow":["GET"]}}],"collection":[{"href":"https:\/\/ostlitv.no\/index.php?rest_route=\/wp\/v2\/posts"}],"about":[{"href":"https:\/\/ostlitv.no\/index.php?rest_route=\/wp\/v2\/types\/post"}],"author":[{"embeddable":true,"href":"https:\/\/ostlitv.no\/index.php?rest_route=\/wp\/v2\/users\/1"}],"replies":[{"embeddable":true,"href":"https:\/\/ostlitv.no\/index.php?rest_route=%2Fwp%2Fv2%2Fcomments&post=172"}],"version-history":[{"count":7,"href":"https:\/\/ostlitv.no\/index.php?rest_route=\/wp\/v2\/posts\/172\/revisions"}],"predecessor-version":[{"id":200,"href":"https:\/\/ostlitv.no\/index.php?rest_route=\/wp\/v2\/posts\/172\/revisions\/200"}],"wp:featuredmedia":[{"embeddable":true,"href":"https:\/\/ostlitv.no\/index.php?rest_route=\/wp\/v2\/media\/173"}],"wp:attachment":[{"href":"https:\/\/ostlitv.no\/index.php?rest_route=%2Fwp%2Fv2%2Fmedia&parent=172"}],"wp:term":[{"taxonomy":"category","embeddable":true,"href":"https:\/\/ostlitv.no\/index.php?rest_route=%2Fwp%2Fv2%2Fcategories&post=172"},{"taxonomy":"post_tag","embeddable":true,"href":"https:\/\/ostlitv.no\/index.php?rest_route=%2Fwp%2Fv2%2Ftags&post=172"}],"curies":[{"name":"wp","href":"https:\/\/api.w.org\/{rel}","templated":true}]}}