{"id":169,"date":"2024-04-09T09:48:47","date_gmt":"2024-04-09T09:48:47","guid":{"rendered":"https:\/\/ostlitv.no\/?p=169"},"modified":"2024-04-09T09:48:47","modified_gmt":"2024-04-09T09:48:47","slug":"mogreinapraten-17-borre-lien-hansen-hva-tenker-varaordforer-om-mogreina-og-mogreinas-fremtid","status":"publish","type":"post","link":"https:\/\/ostlitv.no\/?p=169","title":{"rendered":"Mogreinapraten #17 | B\u00f8rre Lien Hansen &#8211; Hva tenker varaordf\u00f8rer om Mogreina, og Mogreinas fremtid?"},"content":{"rendered":"\n<p>I det sekstende intervjuet i serien Mogreinapraten m\u00f8ter vi varaordf\u00f8rer i Ullensaker kommune, B\u00f8rre Lien Hansen (H\u00f8yre). Visste du at han har noen skjulte talenter?<\/p>\n\n\n\n<p>B\u00f8rre Lien Hansen kom inn i styre til Ullensaker H\u00f8yre i 2020, og derfra sitter han etter valget i 2023 som varaordf\u00f8rer i Ullensaker kommune. Men visste du at han ogs\u00e5 maler akryl malerier, og baker &laquo;festkaker&raquo;? Vel &#8211; da vet du det n\u00e5!<\/p>\n\n\n\n<p>Hva tenker B\u00f8rre Lien Hansen om Mogreina, og Mogreinas fremtid?<\/p>\n\n\n\n<figure class=\"wp-block-embed is-type-video is-provider-youtube wp-block-embed-youtube wp-embed-aspect-16-9 wp-has-aspect-ratio\"><div class=\"wp-block-embed__wrapper\">\n<iframe loading=\"lazy\" title=\"Mogreinapraten #17 | B\u00f8rre Lien Hansen - Hva Tenker Varaordf\u00f8rer Om Mogreina, Og Mogreinas Fremtid?\" width=\"500\" height=\"281\" src=\"https:\/\/www.youtube.com\/embed\/HstRbZF_MzE?feature=oembed\" frameborder=\"0\" allow=\"accelerometer; autoplay; clipboard-write; encrypted-media; gyroscope; picture-in-picture; web-share\" referrerpolicy=\"strict-origin-when-cross-origin\" allowfullscreen><\/iframe>\n<\/div><\/figure>\n","protected":false},"excerpt":{"rendered":"<p>I det sekstende intervjuet i serien Mogreinapraten m\u00f8ter vi varaordf\u00f8rer i Ullensaker kommune, B\u00f8rre Lien Hansen (H\u00f8yre). Visste du at han har noen skjulte talenter? B\u00f8rre Lien Hansen kom inn i styre til Ullensaker H\u00f8yre i 2020, og derfra sitter han etter valget i 2023 som varaordf\u00f8rer i Ullensaker kommune. Men visste du at han [&hellip;]<\/p>\n","protected":false},"author":1,"featured_media":170,"comment_status":"open","ping_status":"open","sticky":false,"template":"","format":"standard","meta":{"footnotes":""},"categories":[13],"tags":[7,14,6,8,50],"class_list":["post-169","post","type-post","status-publish","format-standard","has-post-thumbnail","hentry","category-mogreinapraten","tag-mogreina","tag-mogreinapraten","tag-ostli","tag-ullensaker","tag-ullensaker-bibliotek"],"_links":{"self":[{"href":"https:\/\/ostlitv.no\/index.php?rest_route=\/wp\/v2\/posts\/169","targetHints":{"allow":["GET"]}}],"collection":[{"href":"https:\/\/ostlitv.no\/index.php?rest_route=\/wp\/v2\/posts"}],"about":[{"href":"https:\/\/ostlitv.no\/index.php?rest_route=\/wp\/v2\/types\/post"}],"author":[{"embeddable":true,"href":"https:\/\/ostlitv.no\/index.php?rest_route=\/wp\/v2\/users\/1"}],"replies":[{"embeddable":true,"href":"https:\/\/ostlitv.no\/index.php?rest_route=%2Fwp%2Fv2%2Fcomments&post=169"}],"version-history":[{"count":3,"href":"https:\/\/ostlitv.no\/index.php?rest_route=\/wp\/v2\/posts\/169\/revisions"}],"predecessor-version":[{"id":197,"href":"https:\/\/ostlitv.no\/index.php?rest_route=\/wp\/v2\/posts\/169\/revisions\/197"}],"wp:featuredmedia":[{"embeddable":true,"href":"https:\/\/ostlitv.no\/index.php?rest_route=\/wp\/v2\/media\/170"}],"wp:attachment":[{"href":"https:\/\/ostlitv.no\/index.php?rest_route=%2Fwp%2Fv2%2Fmedia&parent=169"}],"wp:term":[{"taxonomy":"category","embeddable":true,"href":"https:\/\/ostlitv.no\/index.php?rest_route=%2Fwp%2Fv2%2Fcategories&post=169"},{"taxonomy":"post_tag","embeddable":true,"href":"https:\/\/ostlitv.no\/index.php?rest_route=%2Fwp%2Fv2%2Ftags&post=169"}],"curies":[{"name":"wp","href":"https:\/\/api.w.org\/{rel}","templated":true}]}}